{"id":25375,"date":"2021-03-24T15:06:47","date_gmt":"2021-03-24T14:06:47","guid":{"rendered":"https:\/\/www.alfaforni.com\/idee-per-cucina-da-esterno\/"},"modified":"2024-04-25T16:30:54","modified_gmt":"2024-04-25T14:30:54","slug":"idees-de-cuisine-dete","status":"publish","type":"post","link":"https:\/\/www.alfaforni.com\/fr\/idees-de-cuisine-dete\/","title":{"rendered":"Cinq id\u00e9es incontournables pour votre cuisine d\u2019\u00e9t\u00e9"},"content":{"rendered":"<p><div class=\"fusion-fullwidth fullwidth-box fusion-builder-row-1 fusion-flex-container has-pattern-background has-mask-background nonhundred-percent-fullwidth non-hundred-percent-height-scrolling\" style=\"--awb-border-radius-top-left:0px;--awb-border-radius-top-right:0px;--awb-border-radius-bottom-right:0px;--awb-border-radius-bottom-left:0px;--awb-flex-wrap:wrap;\" ><div class=\"fusion-builder-row fusion-row fusion-flex-align-items-flex-start fusion-flex-content-wrap\" style=\"max-width:1248px;margin-left: calc(-4% \/ 2 );margin-right: calc(-4% \/ 2 );\"><div class=\"fusion-layout-column fusion_builder_column fusion-builder-column-0 fusion_builder_column_1_1 1_1 fusion-flex-column\" style=\"--awb-bg-size:cover;--awb-width-large:100%;--awb-order-large:0;--awb-margin-top-large:0px;--awb-spacing-right-large:1.92%;--awb-margin-bottom-large:20px;--awb-spacing-left-large:1.92%;--awb-width-medium:100%;--awb-order-medium:0;--awb-spacing-right-medium:1.92%;--awb-spacing-left-medium:1.92%;--awb-width-small:100%;--awb-order-small:0;--awb-spacing-right-small:1.92%;--awb-spacing-left-small:1.92%;\"><div class=\"fusion-column-wrapper fusion-column-has-shadow fusion-flex-justify-content-flex-start fusion-content-layout-column\"><div class=\"fusion-text fusion-text-1\"><p><strong>Lorsque nous parlons d\u2019am\u00e9nager les espaces ext\u00e9rieurs<\/strong>&nbsp;tels que des terrasses, des jardins ou des patios,&nbsp;<strong>nous pouvons trouver de l\u2019inspiration sur des sites Internet ou aupr\u00e8s de d\u00e9corateurs professionnels.<\/strong><\/p>\n<p>Dans notre blog, nous avons d\u00e9j\u00e0 abord\u00e9 le sujet du point de vue de la cuisson en expliquant comment&nbsp;<b><a href=\"https:\/\/www.alfaforni.com\/fr\/cuisine-exterieure-tous-les-secrets-pour-cuisiner-comme-un-chef-chez-vous\/\"><u>utiliser au mieux votre cuisine ext\u00e9rieure.<\/u><\/a><\/b><\/p>\n<p>&nbsp;<\/p>\n<p>Maintenant, nous voulons plut\u00f4t&nbsp;<strong>faire le tour de la question sur la conception d\u2019un espace de cuisson en plein air et sur les appareils \u00e0 y installer.&nbsp;<\/strong>Le but est de proposer diff\u00e9rentes options pour&nbsp;<strong>tirer le meilleur parti de votre espace \u00e0 l\u2019air libre en \u00e9valuant le pour et le contre de chaque solution.<\/strong><\/p>\n<p>Les facteurs \u00e0 consid\u00e9rer pour cuisiner en plein air sont le&nbsp;<strong>budget, l\u2019espace disponible et le type d\u2019\u00e9quipement dont vous avez besoin.<\/strong><\/p>\n<p>Nous verrons ensuite que les fours Alfa satisfont tous les crit\u00e8res selon les variables susmentionn\u00e9es. Enfin, nous ferons un petit r\u00e9capitulatif&nbsp;<strong>pour vous aider \u00e0 prendre la bonne d\u00e9cision \u00e0 propos de la cr\u00e9ation de votre cuisine ext\u00e9rieure.<\/strong><\/p>\n<\/div><\/div><\/div><\/div><\/div><div class=\"fusion-fullwidth fullwidth-box fusion-builder-row-2 fusion-flex-container has-pattern-background has-mask-background nonhundred-percent-fullwidth non-hundred-percent-height-scrolling\" style=\"--awb-border-radius-top-left:0px;--awb-border-radius-top-right:0px;--awb-border-radius-bottom-right:0px;--awb-border-radius-bottom-left:0px;--awb-flex-wrap:wrap;\" ><div class=\"fusion-builder-row fusion-row fusion-flex-align-items-flex-start fusion-flex-content-wrap\" style=\"max-width:1248px;margin-left: calc(-4% \/ 2 );margin-right: calc(-4% \/ 2 );\"><div class=\"fusion-layout-column fusion_builder_column fusion-builder-column-1 fusion_builder_column_1_1 1_1 fusion-flex-column\" style=\"--awb-bg-size:cover;--awb-width-large:100%;--awb-order-large:0;--awb-margin-top-large:0px;--awb-spacing-right-large:1.92%;--awb-margin-bottom-large:20px;--awb-spacing-left-large:1.92%;--awb-width-medium:100%;--awb-order-medium:0;--awb-spacing-right-medium:1.92%;--awb-spacing-left-medium:1.92%;--awb-width-small:100%;--awb-order-small:0;--awb-spacing-right-small:1.92%;--awb-spacing-left-small:1.92%;\"><div class=\"fusion-column-wrapper fusion-column-has-shadow fusion-flex-justify-content-flex-start fusion-content-layout-column\"><div class=\"fusion-image-element \" style=\"--awb-caption-title-font-family:var(--h2_typography-font-family);--awb-caption-title-font-weight:var(--h2_typography-font-weight);--awb-caption-title-font-style:var(--h2_typography-font-style);--awb-caption-title-size:var(--h2_typography-font-size);--awb-caption-title-transform:var(--h2_typography-text-transform);--awb-caption-title-line-height:var(--h2_typography-line-height);--awb-caption-title-letter-spacing:var(--h2_typography-letter-spacing);\"><span class=\" fusion-imageframe imageframe-none imageframe-1 hover-type-none\"><a class=\"fusion-no-lightbox\" href=\"https:\/\/bartsoutdoorkitchen.com\/en\/\" target=\"_blank\" aria-label=\"cinque-idee-per-una-cucina-da-esterno\" rel=\"noopener noreferrer nofollow\"><img decoding=\"async\" width=\"1200\" height=\"801\" src=\"http:\/\/www.alfaforni.com\/wp-content\/uploads\/2021\/03\/cinque-idee-per-una-cucina-da-esterno-1.jpg\" class=\"img-responsive wp-image-24021\" srcset=\"https:\/\/www.alfaforni.com\/wp-content\/uploads\/2021\/03\/cinque-idee-per-una-cucina-da-esterno-1-600x401.jpg 600w, https:\/\/www.alfaforni.com\/wp-content\/uploads\/2021\/03\/cinque-idee-per-una-cucina-da-esterno-1.jpg 1200w\" sizes=\"(max-width: 640px) 100vw, 1200px\" alt=\"\" ><\/a><\/span><\/div><\/div><\/div><\/div><\/div><div class=\"fusion-fullwidth fullwidth-box fusion-builder-row-3 fusion-flex-container has-pattern-background has-mask-background nonhundred-percent-fullwidth non-hundred-percent-height-scrolling\" style=\"--awb-border-radius-top-left:0px;--awb-border-radius-top-right:0px;--awb-border-radius-bottom-right:0px;--awb-border-radius-bottom-left:0px;--awb-flex-wrap:wrap;\" ><div class=\"fusion-builder-row fusion-row fusion-flex-align-items-flex-start fusion-flex-content-wrap\" style=\"max-width:1248px;margin-left: calc(-4% \/ 2 );margin-right: calc(-4% \/ 2 );\"><div class=\"fusion-layout-column fusion_builder_column fusion-builder-column-2 fusion_builder_column_1_1 1_1 fusion-flex-column\" style=\"--awb-bg-size:cover;--awb-width-large:100%;--awb-order-large:0;--awb-margin-top-large:0px;--awb-spacing-right-large:1.92%;--awb-margin-bottom-large:20px;--awb-spacing-left-large:1.92%;--awb-width-medium:100%;--awb-order-medium:0;--awb-spacing-right-medium:1.92%;--awb-spacing-left-medium:1.92%;--awb-width-small:100%;--awb-order-small:0;--awb-spacing-right-small:1.92%;--awb-spacing-left-small:1.92%;\"><div class=\"fusion-column-wrapper fusion-column-has-shadow fusion-flex-justify-content-flex-start fusion-content-layout-column\"><div class=\"fusion-text fusion-text-2\"><h2>Comment am\u00e9nager une cuisine ext\u00e9rieure<\/h2>\n<p>Pour construire un espace cuisson en ext\u00e9rieur, on peut penser \u00e0 des myriades de combinaisons mais chacune d\u2019elles doit tenir en compte trois param\u00e8tres cl\u00e9s :<\/p>\n<ul>\n<li><strong>Le choix du type d\u2019environnement.<\/strong><\/li>\n<li><strong>Le choix des appareils de cuisson.<\/strong><\/li>\n<li><strong>L\u2019espace et le budget disponibles.<\/strong><\/li>\n<\/ul>\n<p>Voyons-les en d\u00e9tail.<\/p>\n<\/div><\/div><\/div><\/div><\/div><div class=\"fusion-fullwidth fullwidth-box fusion-builder-row-4 fusion-flex-container has-pattern-background has-mask-background nonhundred-percent-fullwidth non-hundred-percent-height-scrolling\" style=\"--awb-border-radius-top-left:0px;--awb-border-radius-top-right:0px;--awb-border-radius-bottom-right:0px;--awb-border-radius-bottom-left:0px;--awb-padding-top-medium:0px;--awb-padding-bottom-medium:0px;--awb-padding-right-small:0px;--awb-padding-left-small:0px;--awb-margin-top:68px;--awb-background-color:rgba(239,232,226,0);--awb-flex-wrap:wrap;\" ><div class=\"fusion-builder-row fusion-row fusion-flex-align-items-center fusion-flex-content-wrap\" style=\"max-width:1248px;margin-left: calc(-4% \/ 2 );margin-right: calc(-4% \/ 2 );\"><div class=\"fusion-layout-column fusion_builder_column fusion-builder-column-3 fusion_builder_column_1_2 1_2 fusion-flex-column fusion-flex-align-self-stretch\" style=\"--awb-padding-top:40px;--awb-padding-right:20px;--awb-padding-bottom:50px;--awb-padding-left:30px;--awb-padding-top-medium:40px;--awb-padding-right-medium:0px;--awb-padding-bottom-medium:30px;--awb-padding-left-medium:15px;--awb-padding-top-small:30px;--awb-padding-right-small:20px;--awb-padding-left-small:20px;--awb-bg-color:#755847;--awb-bg-color-hover:#755847;--awb-bg-size:cover;--awb-width-large:50%;--awb-margin-top-large:0px;--awb-spacing-right-large:0px;--awb-margin-bottom-large:20px;--awb-spacing-left-large:3.84%;--awb-width-medium:50%;--awb-order-medium:0;--awb-spacing-right-medium:0px;--awb-spacing-left-medium:3.84%;--awb-width-small:100%;--awb-order-small:0;--awb-spacing-right-small:1.92%;--awb-margin-bottom-small:0px;--awb-spacing-left-small:1.92%;\"><div class=\"fusion-column-wrapper fusion-column-has-shadow fusion-flex-justify-content-flex-start fusion-content-layout-column\"><div class=\"fusion-text fusion-text-3\"><h2>Vuoi scoprire qual \u00e8 il forno pi\u00f9 adatto alle tue esigenze?<\/h2>\n<\/div><div class=\"sm-text-align-left\" style=\"text-align:center;\"><a class=\"fusion-button button-flat fusion-button-default-size button-custom fusion-button-default button-1 fusion-button-default-span fusion-button-default-type\" style=\"--button_accent_color:var(--awb-color1);--button_accent_hover_color:var(--awb-color1);--button_border_hover_color:var(--awb-color1);--button_gradient_top_color:#990521;--button_gradient_bottom_color:#990521;--button_gradient_top_color_hover:var(--awb-color6);--button_gradient_bottom_color_hover:var(--awb-color6);--button_font_size:14px;--button_line_height:17px;--button_padding-top:20px;--button_padding-right:30px;--button_padding-bottom:20px;--button_padding-left:30px;--button_typography-letter-spacing:2px;--button_typography-font-family:&quot;Open Sans&quot;;--button_typography-font-style:normal;--button_typography-font-weight:700;--button_margin-top:-20px;--button_margin-right:45px;\" target=\"_self\" href=\"https:\/\/blog.alfaforni.com\/it\/lp-catalogo-forni-domestici\" rel=\"nofollow noopener\"><i class=\"fa-download fas awb-button__icon awb-button__icon--default button-icon-left\" aria-hidden=\"true\"><\/i><span class=\"fusion-button-text awb-button__text awb-button__text--default\">Scarica il nostro catalogo domestico \u203a<\/span><\/a><\/div><div class=\"sm-text-align-left\" style=\"text-align:center;\"><a class=\"fusion-button button-flat fusion-button-default-size button-custom fusion-button-default button-2 fusion-button-default-span fusion-button-default-type\" style=\"--button_accent_color:var(--awb-color1);--button_accent_hover_color:var(--awb-color1);--button_border_hover_color:var(--awb-color1);--button_gradient_top_color:#990521;--button_gradient_bottom_color:#990521;--button_gradient_top_color_hover:var(--awb-color6);--button_gradient_bottom_color_hover:var(--awb-color6);--button_font_size:14px;--button_line_height:17px;--button_padding-top:20px;--button_padding-right:30px;--button_padding-bottom:20px;--button_padding-left:30px;--button_typography-letter-spacing:2px;--button_typography-font-family:&quot;Open Sans&quot;;--button_margin-top:15px;--button_margin-right:45px;\" target=\"_self\" href=\"https:\/\/pro.alfaforni.com\/fr\/telecharger-le-catalogue-pro\/\" rel=\"nofollow noopener\"><i class=\"fa-download fas awb-button__icon awb-button__icon--default button-icon-left\" aria-hidden=\"true\"><\/i><span class=\"fusion-button-text awb-button__text awb-button__text--default\">Scarica il nostro catalogo professionale \u203a<\/span><\/a><\/div><\/div><\/div><div class=\"fusion-layout-column fusion_builder_column fusion-builder-column-4 fusion_builder_column_1_2 1_2 fusion-flex-column fusion-flex-align-self-stretch\" style=\"--awb-padding-top:20px;--awb-padding-right:50px;--awb-padding-bottom:30px;--awb-padding-top-medium:40px;--awb-padding-right-medium:30px;--awb-padding-bottom-medium:30px;--awb-padding-left-medium:30px;--awb-padding-top-small:0px;--awb-padding-right-small:0px;--awb-padding-bottom-small:20px;--awb-padding-left-small:0px;--awb-bg-color:#755847;--awb-bg-color-hover:#755847;--awb-bg-size:cover;--awb-width-large:50%;--awb-margin-top-large:0px;--awb-spacing-right-large:3.84%;--awb-margin-bottom-large:20px;--awb-spacing-left-large:0px;--awb-width-medium:50%;--awb-order-medium:0;--awb-spacing-right-medium:3.84%;--awb-spacing-left-medium:0px;--awb-width-small:100%;--awb-order-small:0;--awb-spacing-right-small:1.92%;--awb-spacing-left-small:1.92%;\"><div class=\"fusion-column-wrapper fusion-column-has-shadow fusion-flex-justify-content-flex-start fusion-content-layout-column\"><div class=\"fusion-image-element \" style=\"text-align:center;--awb-caption-title-font-family:var(--h2_typography-font-family);--awb-caption-title-font-weight:var(--h2_typography-font-weight);--awb-caption-title-font-style:var(--h2_typography-font-style);--awb-caption-title-size:var(--h2_typography-font-size);--awb-caption-title-transform:var(--h2_typography-text-transform);--awb-caption-title-line-height:var(--h2_typography-line-height);--awb-caption-title-letter-spacing:var(--h2_typography-letter-spacing);\"><span class=\" fusion-imageframe imageframe-none imageframe-2 hover-type-none\"><img decoding=\"async\" width=\"432\" height=\"506\"  src=\"http:\/\/www.alfaforni.com\/wp-content\/uploads\/2022\/09\/anteprima-download-it.png\" class=\"img-responsive wp-image-36447\" alt=\"\" srcset=\"https:\/\/www.alfaforni.com\/wp-content\/uploads\/2022\/09\/anteprima-download-it-256x300.png 256w, https:\/\/www.alfaforni.com\/wp-content\/uploads\/2022\/09\/anteprima-download-it.png 432w\" sizes=\"(max-width: 432px) 100vw, 432px\" \/><\/span><\/div><\/div><\/div><\/div><\/div>\n<div class=\"fusion-fullwidth fullwidth-box fusion-builder-row-5 fusion-flex-container has-pattern-background has-mask-background nonhundred-percent-fullwidth non-hundred-percent-height-scrolling\" style=\"--awb-border-radius-top-left:0px;--awb-border-radius-top-right:0px;--awb-border-radius-bottom-right:0px;--awb-border-radius-bottom-left:0px;--awb-flex-wrap:wrap;\" ><div class=\"fusion-builder-row fusion-row fusion-flex-align-items-flex-start fusion-flex-content-wrap\" style=\"max-width:1248px;margin-left: calc(-4% \/ 2 );margin-right: calc(-4% \/ 2 );\"><div class=\"fusion-layout-column fusion_builder_column fusion-builder-column-5 fusion_builder_column_1_1 1_1 fusion-flex-column\" style=\"--awb-bg-size:cover;--awb-width-large:100%;--awb-order-large:0;--awb-margin-top-large:0px;--awb-spacing-right-large:1.92%;--awb-margin-bottom-large:20px;--awb-spacing-left-large:1.92%;--awb-width-medium:100%;--awb-order-medium:0;--awb-spacing-right-medium:1.92%;--awb-spacing-left-medium:1.92%;--awb-width-small:100%;--awb-order-small:0;--awb-spacing-right-small:1.92%;--awb-spacing-left-small:1.92%;\"><div class=\"fusion-column-wrapper fusion-column-has-shadow fusion-flex-justify-content-flex-start fusion-content-layout-column\"><div class=\"fusion-text fusion-text-4\"><h3>Le choix du type d\u2019environnement<\/h3>\n<p>Lorsque vous planifiez votre cuisine d\u2019\u00e9t\u00e9, vous avez sans doute d\u00e9j\u00e0 une id\u00e9e de ce&nbsp;<strong>que vous aimeriez y retrouver et du style de sa d\u00e9co<\/strong>. Vous pouvez aussi compter sur les conseils d\u2019un professionnel pour trouver la solution adapt\u00e9e \u00e0 votre situation.<\/p>\n<p>\u00c0 ce propos, d\u00e9couvrez ici&nbsp;<b><a href=\"https:\/\/www.alfaforni.com\/fr\/9-bonnes-raisons-de-choisir-le-four-a-bois-alfa-pour-votre-terrasse\/\"><u>neuf bonnes raisons de choisir un four \u00e0 bois ext\u00e9rieur Alfa.<\/u><\/a><\/b><\/p>\n<p>D\u2019abord, passons en revue&nbsp;<strong>les diff\u00e9rents types de cuisine d\u2019\u00e9t\u00e9<\/strong>. On peut distinguer trois cat\u00e9gories :<\/p>\n<ol>\n<li><strong>Cuisine d\u2019\u00e9t\u00e9 modulable.<\/strong><\/li>\n<li><strong>Cuisine d\u2019\u00e9t\u00e9 d\u00e9couverte.<\/strong><\/li>\n<li><strong>Cuisine d\u2019\u00e9t\u00e9 couverte.<\/strong><\/li>\n<\/ol>\n<p>Examinons les principales diff\u00e9rences.<\/p>\n<h4>1 . Cuisine d\u2019\u00e9t\u00e9 modulable<\/h4>\n<p>La premi\u00e8re solution que nous prenons en consid\u00e9ration est certainement la plus polyvalente et la moins contraignante. La cuisine ext\u00e9rieure modulable est compos\u00e9e de plusieurs&nbsp;<strong>unit\u00e9s qui peuvent \u00eatre combin\u00e9es exactement comme vous le souhaitez.<\/strong><\/p>\n<p>Ainsi, vous pouvez cr\u00e9er votre cuisine en assemblant des appareils de cuisson mobiles comme un four \u00e0 pizza ou un barbecue \u00e0 c\u00f4t\u00e9 d\u2019un \u00e9vier ou d\u2019un plan de travail en pierre.<\/p>\n<p>Il s\u2019agit sans doute de la meilleure solution lorsque l\u2019espace est limit\u00e9 et&nbsp;<strong>cela vous permet d\u2019am\u00e9nager la cuisine au fur et \u00e0 mesure que vous l\u2019utilisez.<\/strong><\/p>\n<h4>2. Cuisine d\u2019\u00e9t\u00e9 d\u00e9couverte<\/h4>\n<p>Cette solution vous permet d\u2019installer des appareils qui ne seront pas prot\u00e9g\u00e9s.<\/p>\n<p>D\u2019habitude elle doit \u00eatre situ\u00e9e pr\u00e8s de la cuisine int\u00e9rieure pour acc\u00e9der facilement au jardin ou \u00e0 la terrasse \u00e0 la fois pour vous&nbsp;<strong>dispenser des nombreux allers-retours entre la maison et l\u2019ext\u00e9rieur et pour \u00eatre \u00e0 proximit\u00e9 des raccordements au gaz, \u00e0 l\u2019eau et \u00e0 l\u2019\u00e9lectricit\u00e9.<\/strong><\/p>\n<h4>3 . Cuisine d\u2019\u00e9t\u00e9 couverte<\/h4>\n<p>La derni\u00e8re option sur laquelle nous nous attardons est la plus compl\u00e8te, c\u2019est-\u00e0-dire celle qui pr\u00e9voit une couverture.&nbsp;<strong>Un toit ma\u00e7onn\u00e9 ou une pergola sont n\u00e9cessaires pour prot\u00e9ger l\u2019espace cuisson et la salle \u00e0 manger des intemp\u00e9ries.<\/strong><\/p>\n<p>Vous pouvez choisir des toitures r\u00e9tractables ou permanentes avec des parois coulissantes pour avoir une cuisine super flexible.<\/p>\n<p><strong>Cette solution est certainement la plus ch\u00e8re et celle qui a besoin de plus d\u2019espace<\/strong>&nbsp;mais peut augmenter consid\u00e9rablement la valeur de votre maison.<\/p>\n<h3><\/h3>\n<\/div><\/div><\/div><\/div><\/div><div class=\"fusion-fullwidth fullwidth-box fusion-builder-row-6 fusion-flex-container has-pattern-background has-mask-background nonhundred-percent-fullwidth non-hundred-percent-height-scrolling\" style=\"--awb-border-radius-top-left:0px;--awb-border-radius-top-right:0px;--awb-border-radius-bottom-right:0px;--awb-border-radius-bottom-left:0px;--awb-flex-wrap:wrap;\" ><div class=\"fusion-builder-row fusion-row fusion-flex-align-items-flex-start fusion-flex-content-wrap\" style=\"max-width:1248px;margin-left: calc(-4% \/ 2 );margin-right: calc(-4% \/ 2 );\"><div class=\"fusion-layout-column fusion_builder_column fusion-builder-column-6 fusion_builder_column_1_1 1_1 fusion-flex-column\" style=\"--awb-bg-size:cover;--awb-width-large:100%;--awb-order-large:0;--awb-margin-top-large:0px;--awb-spacing-right-large:1.92%;--awb-margin-bottom-large:20px;--awb-spacing-left-large:1.92%;--awb-width-medium:100%;--awb-order-medium:0;--awb-spacing-right-medium:1.92%;--awb-spacing-left-medium:1.92%;--awb-width-small:100%;--awb-order-small:0;--awb-spacing-right-small:1.92%;--awb-spacing-left-small:1.92%;\"><div class=\"fusion-column-wrapper fusion-column-has-shadow fusion-flex-justify-content-flex-start fusion-content-layout-column\"><div class=\"fusion-image-element \" style=\"--awb-caption-title-font-family:var(--h2_typography-font-family);--awb-caption-title-font-weight:var(--h2_typography-font-weight);--awb-caption-title-font-style:var(--h2_typography-font-style);--awb-caption-title-size:var(--h2_typography-font-size);--awb-caption-title-transform:var(--h2_typography-text-transform);--awb-caption-title-line-height:var(--h2_typography-line-height);--awb-caption-title-letter-spacing:var(--h2_typography-letter-spacing);\"><span class=\" fusion-imageframe imageframe-none imageframe-3 hover-type-none\"><img decoding=\"async\" width=\"1200\" height=\"800\"  src=\"http:\/\/www.alfaforni.com\/wp-content\/uploads\/2021\/03\/come-allestire-la-cucina-da-esterno-1.jpg\" class=\"img-responsive wp-image-24035\" srcset=\"https:\/\/www.alfaforni.com\/wp-content\/uploads\/2021\/03\/come-allestire-la-cucina-da-esterno-1-600x400.jpg 600w, https:\/\/www.alfaforni.com\/wp-content\/uploads\/2021\/03\/come-allestire-la-cucina-da-esterno-1.jpg 1200w\" sizes=\"(max-width: 640px) 100vw, 1200px\" alt=\"\"><\/span><\/div><\/div><\/div><\/div><\/div><div class=\"fusion-fullwidth fullwidth-box fusion-builder-row-7 fusion-flex-container has-pattern-background has-mask-background nonhundred-percent-fullwidth non-hundred-percent-height-scrolling\" style=\"--awb-border-radius-top-left:0px;--awb-border-radius-top-right:0px;--awb-border-radius-bottom-right:0px;--awb-border-radius-bottom-left:0px;--awb-flex-wrap:wrap;\" ><div class=\"fusion-builder-row fusion-row fusion-flex-align-items-flex-start fusion-flex-content-wrap\" style=\"max-width:1248px;margin-left: calc(-4% \/ 2 );margin-right: calc(-4% \/ 2 );\"><div class=\"fusion-layout-column fusion_builder_column fusion-builder-column-7 fusion_builder_column_1_1 1_1 fusion-flex-column\" style=\"--awb-bg-size:cover;--awb-width-large:100%;--awb-order-large:0;--awb-margin-top-large:0px;--awb-spacing-right-large:1.92%;--awb-margin-bottom-large:20px;--awb-spacing-left-large:1.92%;--awb-width-medium:100%;--awb-order-medium:0;--awb-spacing-right-medium:1.92%;--awb-spacing-left-medium:1.92%;--awb-width-small:100%;--awb-order-small:0;--awb-spacing-right-small:1.92%;--awb-spacing-left-small:1.92%;\"><div class=\"fusion-column-wrapper fusion-column-has-shadow fusion-flex-justify-content-flex-start fusion-content-layout-column\"><div class=\"fusion-text fusion-text-5\"><h3>Le choix des appareils de cuisson<\/h3>\n<p>Le deuxi\u00e8me \u00e9l\u00e9ment \u00e0 consid\u00e9rer lors de l\u2019am\u00e9nagement d\u2019une cuisine d\u2019\u00e9t\u00e9 est le choix du mat\u00e9riel de cuisson et surtout du type d\u2019alimentation.<\/p>\n<p>Dans notre blog, nous avons d\u00e9j\u00e0 mentionn\u00e9 les principales diff\u00e9rences entre&nbsp;<b><a href=\"https:\/\/www.alfaforni.com\/fr\/meilleur-four-a-bois-a-gaz-electrique\/\"><u>le bois, le gaz et l\u2019\u00e9lectricit\u00e9.<\/u><\/a><\/b><\/p>\n<p><strong>Pour ce qui est des fours, on peut r\u00e9sumer ici les caract\u00e9ristiques des mod\u00e8les selon leur combustible :<\/strong><\/p>\n<ul>\n<li><strong>Le four \u00e0 bois est plus difficile \u00e0 utiliser mais c\u2019est aussi l\u2019appareil qui donne aux aliments ce go\u00fbt unique et inimitable de fum\u00e9.&nbsp;<\/strong>Une fois qu\u2019il est install\u00e9 dans des cuisines d\u2019int\u00e9rieur, il n\u00e9cessite d\u2019un conduit de chemin\u00e9e pour \u00e9vacuer les fum\u00e9es et c\u2019est pour cela qu\u2019il est utilis\u00e9 plut\u00f4t \u00e0 l\u2019ext\u00e9rieur. Quoi qu\u2019il en soit, le charme intemporel du feu de bois est son atout majeur pour cr\u00e9er une atmosph\u00e8re de convivialit\u00e9 tout en offrant une exp\u00e9rience de cuisson authentique.<\/li>\n<li><strong>Le four \u00e0 gaz est dr\u00f4lement facile \u00e0 installer et utiliser car il peut \u00eatre raccord\u00e9 au r\u00e9seau de gaz ou, \u00e0 d\u00e9faut, \u00e0 une bouteille.<\/strong><\/li>\n<li><strong>Le four \u00e9lectrique est branch\u00e9 sur secteur et il est sans doute le mod\u00e8le le plus polyvalent qui soit, m\u00eame s\u2019il n\u2019est pas vraiment adapt\u00e9 \u00e0 une utilisation en ext\u00e9rieur car il est particuli\u00e8rement sujet aux probl\u00e8mes caus\u00e9s par l\u2019humidit\u00e9.<\/strong><\/li>\n<\/ul>\n<p>Enfin, une mention sp\u00e9ciale va au&nbsp;<strong>four hybride,&nbsp;<\/strong>c\u2019est-\u00e0-dire un mod\u00e8le \u00e0 gaz qui fonctionne \u00e9galement au bois. Sa structure est celle d\u2019un four \u00e0 gaz en acier Alfa \u00e9quip\u00e9 du&nbsp;<b><a href=\"https:\/\/www.alfaforni.com\/fr\/produit\/kit-hybrid\/\"><u>kit hybride<\/u><\/a><\/b>, un couvercle qui prot\u00e8ge le br\u00fbleur pendant que le four consomme du bois.&nbsp;<strong>Le choix du type de combustible n\u2019est pas anodin \u00e9tant donn\u00e9 qu\u2019il d\u00e9termine ce que l\u2019on va cuisiner et la fa\u00e7on dont on le fait.<\/strong><\/p>\n<h3>Espace et budget disponibles<\/h3>\n<p>Le troisi\u00e8me facteur que nous devons prendre en compte pour le projet d\u2019am\u00e9nagement d\u2019une cuisine d\u2019\u00e9t\u00e9 est&nbsp;<strong>l\u2019espace \u00e0 disposition ainsi que les moyens que nous pouvons y investir.&nbsp;<\/strong>D\u2019ordinaire, un espace plus grand demande plus de travaux et plus d\u2019appareils pour bien l\u2019\u00e9quiper.<\/p>\n<p>L\u2019utilisation d\u2019appareils posables vous permet d\u2019optimiser les volumes selon vos exigences pour avoir un maximum de flexibilit\u00e9. Le co\u00fbt global varie en fonction du mat\u00e9riel choisi, des meubles et des frais de pose en sachant que dans ce domaine, la seule r\u00e8gle, ce qu\u2019il n\u2019y a pas de r\u00e8gles.<\/p>\n<p>En fait&nbsp;<strong>vous pouvez agencer une grande cuisine ext\u00e9rieure enti\u00e8rement \u00e9quip\u00e9e sans vous saigner<\/strong>&nbsp;ou, au contraire, installer&nbsp;<b><a href=\"https:\/\/www.alfaforni.com\/fr\/four-professionnel-pour-la-maison-une-revolution-en-cuisine\/\"><u>un petit espace cuisson bourr\u00e9 de mat\u00e9riel professionnel haut de gamme.<\/u><\/a><\/b><\/p>\n<p>Et maintenant,&nbsp;<strong>voici cinq id\u00e9es pour cr\u00e9er une cuisine d\u2019\u00e9t\u00e9 en fonction du type d\u2019environnement<\/strong>&nbsp;(modulable, d\u00e9couverte ou couverte),&nbsp;<strong>du combustible<\/strong>&nbsp;(bois, gaz ou les deux)&nbsp;<strong>et de l\u2019espace et du budget disponibles pour faire le plein d\u2019inspiration !<\/strong><\/p>\n<\/div><\/div><\/div><\/div><\/div><div class=\"fusion-fullwidth fullwidth-box fusion-builder-row-8 fusion-flex-container has-pattern-background has-mask-background nonhundred-percent-fullwidth non-hundred-percent-height-scrolling\" style=\"--awb-border-radius-top-left:0px;--awb-border-radius-top-right:0px;--awb-border-radius-bottom-right:0px;--awb-border-radius-bottom-left:0px;--awb-flex-wrap:wrap;\" ><div class=\"fusion-builder-row fusion-row fusion-flex-align-items-flex-start fusion-flex-content-wrap\" style=\"max-width:1248px;margin-left: calc(-4% \/ 2 );margin-right: calc(-4% \/ 2 );\"><div class=\"fusion-layout-column fusion_builder_column fusion-builder-column-8 fusion_builder_column_1_1 1_1 fusion-flex-column\" style=\"--awb-bg-size:cover;--awb-width-large:100%;--awb-order-large:0;--awb-margin-top-large:0px;--awb-spacing-right-large:1.92%;--awb-margin-bottom-large:20px;--awb-spacing-left-large:1.92%;--awb-width-medium:100%;--awb-order-medium:0;--awb-spacing-right-medium:1.92%;--awb-spacing-left-medium:1.92%;--awb-width-small:100%;--awb-order-small:0;--awb-spacing-right-small:1.92%;--awb-spacing-left-small:1.92%;\"><div class=\"fusion-column-wrapper fusion-column-has-shadow fusion-flex-justify-content-flex-start fusion-content-layout-column\"><div class=\"fusion-image-element \" style=\"--awb-caption-title-font-family:var(--h2_typography-font-family);--awb-caption-title-font-weight:var(--h2_typography-font-weight);--awb-caption-title-font-style:var(--h2_typography-font-style);--awb-caption-title-size:var(--h2_typography-font-size);--awb-caption-title-transform:var(--h2_typography-text-transform);--awb-caption-title-line-height:var(--h2_typography-line-height);--awb-caption-title-letter-spacing:var(--h2_typography-letter-spacing);\"><span class=\" fusion-imageframe imageframe-none imageframe-4 hover-type-none\"><a class=\"fusion-no-lightbox\" href=\"https:\/\/bartsoutdoorkitchen.com\/en\/\" target=\"_blank\" aria-label=\"cinque-idee-per-la-cucina-da-esterno-a-cui-non-avevi-pensato\" rel=\"noopener noreferrer nofollow\"><img decoding=\"async\" width=\"1200\" height=\"800\" src=\"http:\/\/www.alfaforni.com\/wp-content\/uploads\/2021\/03\/cinque-idee-per-la-cucina-da-esterno-a-cui-non-avevi-pensato-1.jpg\" class=\"img-responsive wp-image-24007\" srcset=\"https:\/\/www.alfaforni.com\/wp-content\/uploads\/2021\/03\/cinque-idee-per-la-cucina-da-esterno-a-cui-non-avevi-pensato-1-600x400.jpg 600w, https:\/\/www.alfaforni.com\/wp-content\/uploads\/2021\/03\/cinque-idee-per-la-cucina-da-esterno-a-cui-non-avevi-pensato-1.jpg 1200w\" sizes=\"(max-width: 640px) 100vw, 1200px\" alt=\"\" ><\/a><\/span><\/div><\/div><\/div><\/div><\/div><div class=\"fusion-fullwidth fullwidth-box fusion-builder-row-9 fusion-flex-container has-pattern-background has-mask-background nonhundred-percent-fullwidth non-hundred-percent-height-scrolling\" style=\"--awb-border-radius-top-left:0px;--awb-border-radius-top-right:0px;--awb-border-radius-bottom-right:0px;--awb-border-radius-bottom-left:0px;--awb-padding-top-medium:0px;--awb-padding-bottom-medium:0px;--awb-padding-right-small:0px;--awb-padding-left-small:0px;--awb-margin-top:68px;--awb-background-color:rgba(239,232,226,0);--awb-flex-wrap:wrap;\" ><div class=\"fusion-builder-row fusion-row fusion-flex-align-items-center fusion-flex-content-wrap\" style=\"max-width:1248px;margin-left: calc(-4% \/ 2 );margin-right: calc(-4% \/ 2 );\"><div class=\"fusion-layout-column fusion_builder_column fusion-builder-column-9 fusion_builder_column_1_2 1_2 fusion-flex-column fusion-flex-align-self-stretch\" style=\"--awb-padding-top:40px;--awb-padding-right:20px;--awb-padding-bottom:50px;--awb-padding-left:30px;--awb-padding-top-medium:40px;--awb-padding-right-medium:0px;--awb-padding-bottom-medium:30px;--awb-padding-left-medium:15px;--awb-padding-top-small:30px;--awb-padding-right-small:20px;--awb-padding-left-small:20px;--awb-bg-color:#755847;--awb-bg-color-hover:#755847;--awb-bg-size:cover;--awb-width-large:50%;--awb-margin-top-large:0px;--awb-spacing-right-large:0px;--awb-margin-bottom-large:20px;--awb-spacing-left-large:3.84%;--awb-width-medium:50%;--awb-order-medium:0;--awb-spacing-right-medium:0px;--awb-spacing-left-medium:3.84%;--awb-width-small:100%;--awb-order-small:0;--awb-spacing-right-small:1.92%;--awb-margin-bottom-small:0px;--awb-spacing-left-small:1.92%;\"><div class=\"fusion-column-wrapper fusion-column-has-shadow fusion-flex-justify-content-flex-start fusion-content-layout-column\"><div class=\"fusion-text fusion-text-6\"><h2>Vuoi scoprire qual \u00e8 il forno pi\u00f9 adatto alle tue esigenze?<\/h2>\n<\/div><div class=\"sm-text-align-left\" style=\"text-align:center;\"><a class=\"fusion-button button-flat fusion-button-default-size button-custom fusion-button-default button-3 fusion-button-default-span fusion-button-default-type\" style=\"--button_accent_color:var(--awb-color1);--button_accent_hover_color:var(--awb-color1);--button_border_hover_color:var(--awb-color1);--button_gradient_top_color:#990521;--button_gradient_bottom_color:#990521;--button_gradient_top_color_hover:var(--awb-color6);--button_gradient_bottom_color_hover:var(--awb-color6);--button_font_size:14px;--button_line_height:17px;--button_padding-top:20px;--button_padding-right:30px;--button_padding-bottom:20px;--button_padding-left:30px;--button_typography-letter-spacing:2px;--button_typography-font-family:&quot;Open Sans&quot;;--button_typography-font-style:normal;--button_typography-font-weight:700;--button_margin-top:-20px;--button_margin-right:45px;\" target=\"_self\" href=\"https:\/\/blog.alfaforni.com\/it\/lp-catalogo-forni-domestici\" rel=\"nofollow noopener\"><i class=\"fa-download fas awb-button__icon awb-button__icon--default button-icon-left\" aria-hidden=\"true\"><\/i><span class=\"fusion-button-text awb-button__text awb-button__text--default\">Scarica il nostro catalogo domestico \u203a<\/span><\/a><\/div><div class=\"sm-text-align-left\" style=\"text-align:center;\"><a class=\"fusion-button button-flat fusion-button-default-size button-custom fusion-button-default button-4 fusion-button-default-span fusion-button-default-type\" style=\"--button_accent_color:var(--awb-color1);--button_accent_hover_color:var(--awb-color1);--button_border_hover_color:var(--awb-color1);--button_gradient_top_color:#990521;--button_gradient_bottom_color:#990521;--button_gradient_top_color_hover:var(--awb-color6);--button_gradient_bottom_color_hover:var(--awb-color6);--button_font_size:14px;--button_line_height:17px;--button_padding-top:20px;--button_padding-right:30px;--button_padding-bottom:20px;--button_padding-left:30px;--button_typography-letter-spacing:2px;--button_typography-font-family:&quot;Open Sans&quot;;--button_margin-top:15px;--button_margin-right:45px;\" target=\"_self\" href=\"https:\/\/pro.alfaforni.com\/fr\/telecharger-le-catalogue-pro\/\" rel=\"nofollow noopener\"><i class=\"fa-download fas awb-button__icon awb-button__icon--default button-icon-left\" aria-hidden=\"true\"><\/i><span class=\"fusion-button-text awb-button__text awb-button__text--default\">Scarica il nostro catalogo professionale \u203a<\/span><\/a><\/div><\/div><\/div><div class=\"fusion-layout-column fusion_builder_column fusion-builder-column-10 fusion_builder_column_1_2 1_2 fusion-flex-column fusion-flex-align-self-stretch\" style=\"--awb-padding-top:20px;--awb-padding-right:50px;--awb-padding-bottom:30px;--awb-padding-top-medium:40px;--awb-padding-right-medium:30px;--awb-padding-bottom-medium:30px;--awb-padding-left-medium:30px;--awb-padding-top-small:0px;--awb-padding-right-small:0px;--awb-padding-bottom-small:20px;--awb-padding-left-small:0px;--awb-bg-color:#755847;--awb-bg-color-hover:#755847;--awb-bg-size:cover;--awb-width-large:50%;--awb-margin-top-large:0px;--awb-spacing-right-large:3.84%;--awb-margin-bottom-large:20px;--awb-spacing-left-large:0px;--awb-width-medium:50%;--awb-order-medium:0;--awb-spacing-right-medium:3.84%;--awb-spacing-left-medium:0px;--awb-width-small:100%;--awb-order-small:0;--awb-spacing-right-small:1.92%;--awb-spacing-left-small:1.92%;\"><div class=\"fusion-column-wrapper fusion-column-has-shadow fusion-flex-justify-content-flex-start fusion-content-layout-column\"><div class=\"fusion-image-element \" style=\"text-align:center;--awb-caption-title-font-family:var(--h2_typography-font-family);--awb-caption-title-font-weight:var(--h2_typography-font-weight);--awb-caption-title-font-style:var(--h2_typography-font-style);--awb-caption-title-size:var(--h2_typography-font-size);--awb-caption-title-transform:var(--h2_typography-text-transform);--awb-caption-title-line-height:var(--h2_typography-line-height);--awb-caption-title-letter-spacing:var(--h2_typography-letter-spacing);\"><span class=\" fusion-imageframe imageframe-none imageframe-5 hover-type-none\"><img decoding=\"async\" width=\"432\" height=\"506\"  src=\"http:\/\/www.alfaforni.com\/wp-content\/uploads\/2022\/09\/anteprima-download-it.png\" class=\"img-responsive wp-image-36447\" alt=\"\" srcset=\"https:\/\/www.alfaforni.com\/wp-content\/uploads\/2022\/09\/anteprima-download-it-256x300.png 256w, https:\/\/www.alfaforni.com\/wp-content\/uploads\/2022\/09\/anteprima-download-it.png 432w\" sizes=\"(max-width: 432px) 100vw, 432px\" \/><\/span><\/div><\/div><\/div><\/div><\/div>\n<div class=\"fusion-fullwidth fullwidth-box fusion-builder-row-10 fusion-flex-container has-pattern-background has-mask-background nonhundred-percent-fullwidth non-hundred-percent-height-scrolling\" style=\"--awb-border-radius-top-left:0px;--awb-border-radius-top-right:0px;--awb-border-radius-bottom-right:0px;--awb-border-radius-bottom-left:0px;--awb-flex-wrap:wrap;\" ><div class=\"fusion-builder-row fusion-row fusion-flex-align-items-flex-start fusion-flex-content-wrap\" style=\"max-width:1248px;margin-left: calc(-4% \/ 2 );margin-right: calc(-4% \/ 2 );\"><div class=\"fusion-layout-column fusion_builder_column fusion-builder-column-11 fusion_builder_column_1_1 1_1 fusion-flex-column\" style=\"--awb-bg-size:cover;--awb-width-large:100%;--awb-order-large:0;--awb-margin-top-large:0px;--awb-spacing-right-large:1.92%;--awb-margin-bottom-large:20px;--awb-spacing-left-large:1.92%;--awb-width-medium:100%;--awb-order-medium:0;--awb-spacing-right-medium:1.92%;--awb-spacing-left-medium:1.92%;--awb-width-small:100%;--awb-order-small:0;--awb-spacing-right-small:1.92%;--awb-spacing-left-small:1.92%;\"><div class=\"fusion-column-wrapper fusion-column-has-shadow fusion-flex-justify-content-flex-start fusion-content-layout-column\"><div class=\"fusion-text fusion-text-7\"><h2>Cinq id\u00e9es pour am\u00e9nager votre cuisine ext\u00e9rieure<\/h2>\n<p>Voici cinq options pour r\u00e9pondre \u00e0 tous vos besoins.<\/p>\n<ul>\n<li><strong>Pizza \u00ab\u00a0al piatto\u00a0\u00bb (\u00e0 l\u2019assiette) dans un petit espace.<\/strong><\/li>\n<li><strong>Petite cuisine int\u00e9gr\u00e9e sur la terrasse.<\/strong><\/li>\n<li><strong>Cuisine d\u2019\u00e9t\u00e9 modulable avec four \u00e0 bois.<\/strong><\/li>\n<li><strong>Cuisine d\u2019\u00e9t\u00e9 pour les amoureux de la tradition.<\/strong><\/li>\n<li><strong>Cuisine d\u2019\u00e9t\u00e9 couverte enti\u00e8rement \u00e9quip\u00e9e.<\/strong><\/li>\n<\/ul>\n<p>Regardons-les de plus pr\u00e8s.<\/p>\n<h3>1. Pizza al piatto dans un petit espace<\/h3>\n<p>C\u2019est l\u2019option parfaite si vous avez&nbsp;<strong>un jardin ou un balcon de peu de m\u00e8tres carr\u00e9s<\/strong>&nbsp;parce que vous habitez le centre-ville et que vous ne voulez surtout pas incommoder vos voisins avec les fum\u00e9es.<\/p>\n<p>Dans ce cas d\u2019esp\u00e8ce, le four \u00e0 gaz portable et compact&nbsp;<b><u><a href=\"https:\/\/www.alfaforni.com\/fr\/produit\/one-le-four-italien-pour-tout-un-chacun\/\">Alfa One<\/a>&nbsp;<\/u><\/b>qui atteint la temp\u00e9rature de 500 \u00b0C en 30 minutes fera tr\u00e8s bien l\u2019affaire.&nbsp;<strong>Facile \u00e0 installer et \u00e0 d\u00e9placer<\/strong>, il peut \u00eatre tout de suite branch\u00e9 au r\u00e9seau du gaz ou \u00e0 une bouteille.<\/p>\n<p>Si, en revanche, vous n\u2019\u00eates pas pr\u00eat \u00e0 renoncer \u00e0 cuisiner avec du bois, alors optez pour le&nbsp;<b><a href=\"https:\/\/www.alfaforni.com\/fr\/produit\/brio\/\"><u>four hybride Brio qui cuit 2\/3 pizzas \u00e0 la fois&nbsp;<\/u><\/a><\/b>ou pour le tout petit&nbsp;<strong>One \u00e0 bois.<\/strong><\/p>\n<h3>2. Petite cuisine int\u00e9gr\u00e9e sur la terrasse<\/h3>\n<p>Si vous souhaitez agencer un petit espace de cuisson sur une petite terrasse, il vaut mieux exploiter&nbsp;<strong>les arriv\u00e9es d\u2019eau et de gaz<\/strong>&nbsp;de la cuisine de la maison. Un mod\u00e8le hybride comme le&nbsp;<b><a href=\"https:\/\/www.alfaforni.com\/fr\/produit\/stone-oven\/\"><u>Stone Oven&nbsp;<\/u><\/a><\/b>vous permettra de&nbsp;<strong>cuisiner facilement au gaz ou au bois.<\/strong><\/p>\n<p>Ajoutez un \u00e9vier et un plan de travail pour qu\u2019elle soit totalement fonctionnelle.<\/p>\n<h3>3. Cuisine d\u2019\u00e9t\u00e9 modulable avec four \u00e0 bois<\/h3>\n<p>Si vous voulez une cuisine d\u2019\u00e9t\u00e9 avec le four \u00e0 bois en compl\u00e9ment du four \u00e0 gaz ou \u00e9lectrique de la maison, alors le type modulable est fait pour vous.<\/p>\n<p>N\u2019h\u00e9sitez pas \u00e0 combiner et organiser les diff\u00e9rentes unit\u00e9s selon vos envies.<\/p>\n<p>Pour ce genre de configuration les fours&nbsp;<b><u><a href=\"https:\/\/www.alfaforni.com\/fr\/produit\/4-pizze-four-a-bois\/\">4 Pizze<\/a>&nbsp;<\/u><\/b>et&nbsp;<strong><u><b><a href=\"https:\/\/www.alfaforni.com\/fr\/produit\/allegro-four-a-bois\/\">Allegro<\/a><\/b>&nbsp;<\/u>sont les valeurs s\u00fbres de la maison Alfa.<\/strong><\/p>\n<\/div><\/div><\/div><\/div><\/div><div class=\"fusion-fullwidth fullwidth-box fusion-builder-row-11 fusion-flex-container has-pattern-background has-mask-background nonhundred-percent-fullwidth non-hundred-percent-height-scrolling\" style=\"--awb-border-radius-top-left:0px;--awb-border-radius-top-right:0px;--awb-border-radius-bottom-right:0px;--awb-border-radius-bottom-left:0px;--awb-flex-wrap:wrap;\" ><div class=\"fusion-builder-row fusion-row fusion-flex-align-items-flex-start fusion-flex-content-wrap\" style=\"max-width:1248px;margin-left: calc(-4% \/ 2 );margin-right: calc(-4% \/ 2 );\"><div class=\"fusion-layout-column fusion_builder_column fusion-builder-column-12 fusion_builder_column_1_1 1_1 fusion-flex-column\" style=\"--awb-bg-size:cover;--awb-width-large:100%;--awb-order-large:0;--awb-margin-top-large:0px;--awb-spacing-right-large:1.92%;--awb-margin-bottom-large:20px;--awb-spacing-left-large:1.92%;--awb-width-medium:100%;--awb-order-medium:0;--awb-spacing-right-medium:1.92%;--awb-spacing-left-medium:1.92%;--awb-width-small:100%;--awb-order-small:0;--awb-spacing-right-small:1.92%;--awb-spacing-left-small:1.92%;\"><div class=\"fusion-column-wrapper fusion-column-has-shadow fusion-flex-justify-content-flex-start fusion-content-layout-column\"><div class=\"fusion-image-element \" style=\"--awb-caption-title-font-family:var(--h2_typography-font-family);--awb-caption-title-font-weight:var(--h2_typography-font-weight);--awb-caption-title-font-style:var(--h2_typography-font-style);--awb-caption-title-size:var(--h2_typography-font-size);--awb-caption-title-transform:var(--h2_typography-text-transform);--awb-caption-title-line-height:var(--h2_typography-line-height);--awb-caption-title-letter-spacing:var(--h2_typography-letter-spacing);\"><span class=\" fusion-imageframe imageframe-none imageframe-6 hover-type-none\"><a class=\"fusion-no-lightbox\" href=\"https:\/\/bartsoutdoorkitchen.com\/en\/\" target=\"_blank\" aria-label=\"cucina-da-esterno-modulare\" rel=\"noopener noreferrer nofollow\"><img decoding=\"async\" width=\"1200\" height=\"801\" src=\"http:\/\/www.alfaforni.com\/wp-content\/uploads\/2021\/03\/cucina-da-esterno-modulare-1.jpg\" class=\"img-responsive wp-image-24028\" srcset=\"https:\/\/www.alfaforni.com\/wp-content\/uploads\/2021\/03\/cucina-da-esterno-modulare-1-600x401.jpg 600w, https:\/\/www.alfaforni.com\/wp-content\/uploads\/2021\/03\/cucina-da-esterno-modulare-1.jpg 1200w\" sizes=\"(max-width: 640px) 100vw, 1200px\" alt=\"\" ><\/a><\/span><\/div><\/div><\/div><\/div><\/div><div class=\"fusion-fullwidth fullwidth-box fusion-builder-row-12 fusion-flex-container has-pattern-background has-mask-background nonhundred-percent-fullwidth non-hundred-percent-height-scrolling\" style=\"--awb-border-radius-top-left:0px;--awb-border-radius-top-right:0px;--awb-border-radius-bottom-right:0px;--awb-border-radius-bottom-left:0px;--awb-flex-wrap:wrap;\" ><div class=\"fusion-builder-row fusion-row fusion-flex-align-items-flex-start fusion-flex-content-wrap\" style=\"max-width:1248px;margin-left: calc(-4% \/ 2 );margin-right: calc(-4% \/ 2 );\"><div class=\"fusion-layout-column fusion_builder_column fusion-builder-column-13 fusion_builder_column_1_1 1_1 fusion-flex-column\" style=\"--awb-bg-size:cover;--awb-width-large:100%;--awb-order-large:0;--awb-margin-top-large:0px;--awb-spacing-right-large:1.92%;--awb-margin-bottom-large:20px;--awb-spacing-left-large:1.92%;--awb-width-medium:100%;--awb-order-medium:0;--awb-spacing-right-medium:1.92%;--awb-spacing-left-medium:1.92%;--awb-width-small:100%;--awb-order-small:0;--awb-spacing-right-small:1.92%;--awb-spacing-left-small:1.92%;\"><div class=\"fusion-column-wrapper fusion-column-has-shadow fusion-flex-justify-content-flex-start fusion-content-layout-column\"><div class=\"fusion-text fusion-text-8\"><h3>4. Cuisine d\u2019\u00e9t\u00e9 pour les amoureux de la tradition<\/h3>\n<p>Si vous adorez cuisiner avec du bois et l\u2019espace ext\u00e9rieur n\u2019est pas un probl\u00e8me, le four traditionnel ne peut pas manquer dans une cuisine d\u2019\u00e9t\u00e9 digne de ce nom.&nbsp;<strong>Aucun autre four ne cuit aussi bien et n\u2019\u00e9voque la magie de la cuisine authentique comme le four \u00e0 bois.<\/strong><\/p>\n<p>M\u00eame si \u00e0 pr\u00e9sent les fours en acier ont le vent en poupe,&nbsp;<b><a href=\"https:\/\/www.alfaforni.com\/fr\/categorie-produit\/fours-a-bois-exterieurs-pour-la-maison\/refractaire\/\">Alfa ne cesse d\u2019investir dans les mat\u00e9riaux r\u00e9fractaires<\/a><\/b>&nbsp;pour fabriquer des fours \u00e0 bois \u00e0 haute performance. Int\u00e9grables ou en pose libre, vous ne regretterez pas une seconde la d\u00e9cision de les avoir install\u00e9s.<\/p>\n<h3><\/h3>\n<h3>5. Cuisine d\u2019\u00e9t\u00e9 couverte enti\u00e8rement \u00e9quip\u00e9e<\/h3>\n<p>Si vous disposez d\u2019une belle surface et d\u2019un pouvoir d\u2019achat \u00e9lev\u00e9, vous pouvez certainement am\u00e9nager une cuisine ext\u00e9rieure enti\u00e8rement \u00e9quip\u00e9e avec&nbsp;<strong>\u00e9vier, plan de travail et de nombreux appareils de cuisson.&nbsp;<\/strong>Si le combustible disponible localement est le gaz, installer un four \u00e0 gaz ou une gazini\u00e8re \u00e0 c\u00f4t\u00e9 d\u2019un barbecue ou d\u2019une plancha semblerait une option tout \u00e0 fait logique.<\/p>\n<p>Si vous en pincez pour le feu de bois, un four en briques ou en acier avec un barbecue ou un brasero ne devraient pas manquer dans votre configuration. Sinon,&nbsp;<strong>l\u2019option four hybride&nbsp;<\/strong>comme le&nbsp;<b><u><a href=\"https:\/\/www.alfaforni.com\/fr\/produit\/dolce-vita-four-a-gaz\/\">Dolce Vita<\/a>&nbsp;<\/u><\/b>qui fonctionne au gaz ou au bois est toujours d\u2019actualit\u00e9. Une cuisine de ce genre se doit d\u2019\u00eatre couverte et correctement entretenue pour la prot\u00e9ger du mauvais temps et pour qu\u2019elle fonctionne efficacement.<\/p>\n<p>La chose la plus importante est optimiser l\u2019espace ext\u00e9rieur avec l\u2019\u00e9quipement qui correspond le mieux \u00e0 votre style de cuisine et nous esp\u00e9rons vous avoir donn\u00e9 quelques conseils utiles pour vous aider dans cette recherche.<\/p>\n<\/div><\/div><\/div><\/div><\/div><div class=\"fusion-fullwidth fullwidth-box fusion-builder-row-13 fusion-flex-container has-pattern-background has-mask-background nonhundred-percent-fullwidth non-hundred-percent-height-scrolling\" style=\"--awb-border-radius-top-left:0px;--awb-border-radius-top-right:0px;--awb-border-radius-bottom-right:0px;--awb-border-radius-bottom-left:0px;--awb-flex-wrap:wrap;\" ><div class=\"fusion-builder-row fusion-row fusion-flex-align-items-flex-start fusion-flex-content-wrap\" style=\"max-width:1248px;margin-left: calc(-4% \/ 2 );margin-right: calc(-4% \/ 2 );\"><div class=\"fusion-layout-column fusion_builder_column fusion-builder-column-14 fusion_builder_column_1_1 1_1 fusion-flex-column\" style=\"--awb-bg-size:cover;--awb-width-large:100%;--awb-order-large:0;--awb-margin-top-large:0px;--awb-spacing-right-large:1.92%;--awb-margin-bottom-large:20px;--awb-spacing-left-large:1.92%;--awb-width-medium:100%;--awb-order-medium:0;--awb-spacing-right-medium:1.92%;--awb-spacing-left-medium:1.92%;--awb-width-small:100%;--awb-order-small:0;--awb-spacing-right-small:1.92%;--awb-spacing-left-small:1.92%;\"><div class=\"fusion-column-wrapper fusion-column-has-shadow fusion-flex-justify-content-flex-start fusion-content-layout-column\"><div class=\"fusion-image-element \" style=\"--awb-caption-title-font-family:var(--h2_typography-font-family);--awb-caption-title-font-weight:var(--h2_typography-font-weight);--awb-caption-title-font-style:var(--h2_typography-font-style);--awb-caption-title-size:var(--h2_typography-font-size);--awb-caption-title-transform:var(--h2_typography-text-transform);--awb-caption-title-line-height:var(--h2_typography-line-height);--awb-caption-title-letter-spacing:var(--h2_typography-letter-spacing);\"><span class=\" fusion-imageframe imageframe-none imageframe-7 hover-type-none\"><a class=\"fusion-no-lightbox\" href=\"https:\/\/bartsoutdoorkitchen.com\/en\/\" target=\"_blank\" aria-label=\"five-ideas-for-an-outdoor-kitchen\" rel=\"noopener noreferrer nofollow\"><img decoding=\"async\" width=\"1200\" height=\"800\" src=\"http:\/\/www.alfaforni.com\/wp-content\/uploads\/2021\/03\/five-ideas-for-an-outdoor-kitchen.jpg\" class=\"img-responsive wp-image-24049\" srcset=\"https:\/\/www.alfaforni.com\/wp-content\/uploads\/2021\/03\/five-ideas-for-an-outdoor-kitchen-600x400.jpg 600w, https:\/\/www.alfaforni.com\/wp-content\/uploads\/2021\/03\/five-ideas-for-an-outdoor-kitchen.jpg 1200w\" sizes=\"(max-width: 640px) 100vw, 1200px\" alt=\"\" ><\/a><\/span><\/div><\/div><\/div><\/div><\/div><div class=\"fusion-fullwidth fullwidth-box fusion-builder-row-14 fusion-flex-container has-pattern-background has-mask-background nonhundred-percent-fullwidth non-hundred-percent-height-scrolling\" style=\"--awb-border-radius-top-left:0px;--awb-border-radius-top-right:0px;--awb-border-radius-bottom-right:0px;--awb-border-radius-bottom-left:0px;--awb-flex-wrap:wrap;\" ><div class=\"fusion-builder-row fusion-row fusion-flex-align-items-flex-start fusion-flex-content-wrap\" style=\"max-width:1248px;margin-left: calc(-4% \/ 2 );margin-right: calc(-4% \/ 2 );\"><div class=\"fusion-layout-column fusion_builder_column fusion-builder-column-15 fusion_builder_column_1_1 1_1 fusion-flex-column\" style=\"--awb-bg-size:cover;--awb-width-large:100%;--awb-order-large:0;--awb-margin-top-large:0px;--awb-spacing-right-large:1.92%;--awb-margin-bottom-large:20px;--awb-spacing-left-large:1.92%;--awb-width-medium:100%;--awb-order-medium:0;--awb-spacing-right-medium:1.92%;--awb-spacing-left-medium:1.92%;--awb-width-small:100%;--awb-order-small:0;--awb-spacing-right-small:1.92%;--awb-spacing-left-small:1.92%;\"><div class=\"fusion-column-wrapper fusion-column-has-shadow fusion-flex-justify-content-flex-start fusion-content-layout-column\"><div class=\"fusion-text fusion-text-9\"><h2>Comment am\u00e9nager une cuisine ext\u00e9rieure avec les fours Alfa<\/h2>\n<p>Les fours Alfa ne sont pas seulement&nbsp;<b><a href=\"https:\/\/www.alfaforni.com\/fr\/four-a-bois-design\/\"><u>des appareils de cuisson formidables<\/u><\/a><\/b>, mais ils sont \u00e9galement des objets d\u00e9co pour tout type de cuisine d\u2019\u00e9t\u00e9 caract\u00e9ris\u00e9s par un soin particulier apport\u00e9 au design. Nos fours \u00e0 bois et \u00e0 gaz ont la facilit\u00e9 de transmettre&nbsp;<strong>l\u2019harmonie entre tradition et innovation,<\/strong>&nbsp;exemplifi\u00e9e par la rencontre du feu sur la pierre r\u00e9fractaire \u00e0 l\u2019int\u00e9rieur d\u2019une vo\u00fbte m\u00e9tallique.<\/p>\n<p>Dans cet article, nous avons d\u2019abord examin\u00e9 les nombreux facteurs \u00e0 prendre en consid\u00e9ration lors de la mise en place d\u2019une cuisine ext\u00e9rieure. Ensuite,&nbsp;<strong>nous avons adapt\u00e9 les diff\u00e9rents appareils de cuisson aux divers types d\u2019environnement<\/strong>&nbsp;(cuisine modulable, d\u00e9couverte et couverte),&nbsp;<strong>au choix du combustible<\/strong>&nbsp;(bois, gaz ou tous les deux)&nbsp;<strong>et au budget et \u00e0 l\u2019espace disponibles.<\/strong><\/p>\n<p>Apr\u00e8s plusieurs ann\u00e9es de travail acharn\u00e9 ayant pour but l\u2019excellence de la production,&nbsp;<strong>Alfa s\u2019est impos\u00e9e comme une marque de r\u00e9f\u00e9rence dans le domaine des fours design&nbsp;<\/strong>capables de fournir des performances exceptionnelles et de mettre en valeur l\u2019espace de vie ext\u00e9rieur \u00e0 la fois.<\/p>\n<p>Tout cela est d\u2019ailleurs attest\u00e9 par nos collaborations avec&nbsp;<u>Barts Outdoor Kitchen,<\/u>&nbsp;une entreprise de design hollandaise sp\u00e9cialis\u00e9e dans la fabrication de cuisines modulaires en b\u00e9ton ainsi qu\u2019avec d\u2019autres&nbsp;<strong>designers, architectes et d\u00e9corateurs d\u2019int\u00e9rieur&nbsp;<\/strong>\u00e0 qui nous proposons de nombreux services tels que le rendu 3D des espaces de vie des clients am\u00e9nag\u00e9s avec nos fours ou des&nbsp;<strong>remises commerciales cibl\u00e9es.<\/strong><\/p>\n<p>\u00c0 ce sujet, lisez&nbsp;<strong>l\u2019article de<\/strong>&nbsp;<u>pianetadesign.it&nbsp;<\/u><strong>sur les fours ext\u00e9rieurs Alfa.<\/strong><\/p>\n<p><strong>Finalement, pour profiter pleinement de votre espace en plein air, il ne vous reste plus qu\u2019\u00e0 l\u2019am\u00e9nager avec un four Alfa.<\/strong><\/p>\n<\/div><\/div><\/div><\/div><\/div><\/p>\n","protected":false},"excerpt":{"rendered":"","protected":false},"author":1,"featured_media":24014,"comment_status":"closed","ping_status":"closed","sticky":false,"template":"","format":"standard","meta":{"_acf_changed":false,"footnotes":""},"categories":[68,456],"tags":[],"class_list":["post-25375","post","type-post","status-publish","format-standard","has-post-thumbnail","hentry","category-blog-fr","category-news-home"],"acf":[],"_links":{"self":[{"href":"https:\/\/www.alfaforni.com\/fr\/wp-json\/wp\/v2\/posts\/25375","targetHints":{"allow":["GET"]}}],"collection":[{"href":"https:\/\/www.alfaforni.com\/fr\/wp-json\/wp\/v2\/posts"}],"about":[{"href":"https:\/\/www.alfaforni.com\/fr\/wp-json\/wp\/v2\/types\/post"}],"author":[{"embeddable":true,"href":"https:\/\/www.alfaforni.com\/fr\/wp-json\/wp\/v2\/users\/1"}],"replies":[{"embeddable":true,"href":"https:\/\/www.alfaforni.com\/fr\/wp-json\/wp\/v2\/comments?post=25375"}],"version-history":[{"count":2,"href":"https:\/\/www.alfaforni.com\/fr\/wp-json\/wp\/v2\/posts\/25375\/revisions"}],"predecessor-version":[{"id":60039,"href":"https:\/\/www.alfaforni.com\/fr\/wp-json\/wp\/v2\/posts\/25375\/revisions\/60039"}],"wp:featuredmedia":[{"embeddable":true,"href":"https:\/\/www.alfaforni.com\/fr\/wp-json\/wp\/v2\/media\/24014"}],"wp:attachment":[{"href":"https:\/\/www.alfaforni.com\/fr\/wp-json\/wp\/v2\/media?parent=25375"}],"wp:term":[{"taxonomy":"category","embeddable":true,"href":"https:\/\/www.alfaforni.com\/fr\/wp-json\/wp\/v2\/categories?post=25375"},{"taxonomy":"post_tag","embeddable":true,"href":"https:\/\/www.alfaforni.com\/fr\/wp-json\/wp\/v2\/tags?post=25375"}],"curies":[{"name":"wp","href":"https:\/\/api.w.org\/{rel}","templated":true}]}}