{"id":2993,"date":"2015-06-09T16:29:56","date_gmt":"2015-06-09T14:29:56","guid":{"rendered":"https:\/\/www.alfaforni.com\/host-2015\/"},"modified":"2022-02-21T20:01:01","modified_gmt":"2022-02-21T19:01:01","slug":"host-2015","status":"publish","type":"post","link":"https:\/\/www.alfaforni.com\/fr\/host-2015\/","title":{"rendered":"Host 2015"},"content":{"rendered":"<p>Milan devient la capitale de l\u2019accueil professionnel. Avec ses 14 pavillons \u00e0 proximit\u00e9 de l\u2019Expo 2015,\u00a0<a  href=\"http:\/\/host.fieramilano.it\/\" target=\"_blank\" rel=\"noopener nofollow\">Host<\/a>, le salon international de l\u2019hospitalit\u00e9 professionnelle, est le rendez-vous incontournable entre les soci\u00e9t\u00e9s manufacturi\u00e8res leader du secteur et les acheteurs les plus importants du monde entier. Pour beaucoup d\u2019entreprises italiennes ou \u00e9trang\u00e8res, ce rendez-vous est fondamental pour d\u00e9velopper leur business.<\/p>\n<p><strong>1.700<\/strong>\u00a0exposants provenant de\u00a0<strong>48<\/strong>\u00a0pays de tous les continents;\u00a0<strong>133.000<\/strong>\u00a0op\u00e9rateurs professionnels: ce ne sont que quelques chiffres qui donnent l\u2019ampleur de l\u2019effort fourni par les organisateurs pour les cinq jours du salon.<\/p>\n<p>Alfa Pizza sera pr\u00e9sente au\u00a0<strong>pavillon 7, stand B52<\/strong>; venez nous rendre visite, nous vous attendons!<\/p>\n","protected":false},"excerpt":{"rendered":"<p>Milan devient la capitale de l\u2019accueil professionnel. Avec ses 14  [&#8230;]<\/p>\n","protected":false},"author":1,"featured_media":1268,"comment_status":"closed","ping_status":"closed","sticky":false,"template":"","format":"standard","meta":{"_acf_changed":false,"footnotes":""},"categories":[68,456],"tags":[],"class_list":["post-2993","post","type-post","status-publish","format-standard","has-post-thumbnail","hentry","category-blog-fr","category-news-home"],"acf":[],"_links":{"self":[{"href":"https:\/\/www.alfaforni.com\/fr\/wp-json\/wp\/v2\/posts\/2993","targetHints":{"allow":["GET"]}}],"collection":[{"href":"https:\/\/www.alfaforni.com\/fr\/wp-json\/wp\/v2\/posts"}],"about":[{"href":"https:\/\/www.alfaforni.com\/fr\/wp-json\/wp\/v2\/types\/post"}],"author":[{"embeddable":true,"href":"https:\/\/www.alfaforni.com\/fr\/wp-json\/wp\/v2\/users\/1"}],"replies":[{"embeddable":true,"href":"https:\/\/www.alfaforni.com\/fr\/wp-json\/wp\/v2\/comments?post=2993"}],"version-history":[{"count":0,"href":"https:\/\/www.alfaforni.com\/fr\/wp-json\/wp\/v2\/posts\/2993\/revisions"}],"wp:featuredmedia":[{"embeddable":true,"href":"https:\/\/www.alfaforni.com\/fr\/wp-json\/wp\/v2\/media\/1268"}],"wp:attachment":[{"href":"https:\/\/www.alfaforni.com\/fr\/wp-json\/wp\/v2\/media?parent=2993"}],"wp:term":[{"taxonomy":"category","embeddable":true,"href":"https:\/\/www.alfaforni.com\/fr\/wp-json\/wp\/v2\/categories?post=2993"},{"taxonomy":"post_tag","embeddable":true,"href":"https:\/\/www.alfaforni.com\/fr\/wp-json\/wp\/v2\/tags?post=2993"}],"curies":[{"name":"wp","href":"https:\/\/api.w.org\/{rel}","templated":true}]}}