{"id":1265,"date":"2015-06-09T16:29:56","date_gmt":"2015-06-09T14:29:56","guid":{"rendered":"https:\/\/www.alfaforni.com\/?p=1265"},"modified":"2022-02-21T19:59:45","modified_gmt":"2022-02-21T18:59:45","slug":"host-2015","status":"publish","type":"post","link":"https:\/\/www.alfaforni.com\/it\/host-2015\/","title":{"rendered":"Host 2015"},"content":{"rendered":"<p>Milano diventa la capitale dell\u2019accoglienza professionale. Con i suoi 14 padiglioni nelle immediate vicinanze della fiera espositiva Expo 2015,\u00a0<a  href=\"http:\/\/host.fieramilano.it\/\" target=\"_blank\" rel=\"noopener nofollow\">Host<\/a>, salone internazionale dell&#8217;ospitalit\u00e0 professionale, \u00e8 il punto di incontro tra aziende produttrici leader di settore e i pi\u00f9 importanti buyers provenienti da tutto il mondo. Per moltissime aziende italiane ed estere, questo incontro \u00e8 di fondamentale importanza per il proprio business.<\/p>\n<p><strong>1.700<\/strong>\u00a0espositori, da oltre\u00a0<strong>48<\/strong>\u00a0Paesi di tutti i continenti;\u00a0<strong>133.000<\/strong>\u00a0operatori professionali: questi sono solo alcuni dei numeri che in questi cinque giorni di evento saranno messi in campo dagli organizzatori.<\/p>\n<p>Noi di Alfa Pizza saremo presenti presso il\u00a0<strong>padiglione 7 stand B 52<\/strong>; venite a trovarci, vi aspettiamo!<\/p>\n","protected":false},"excerpt":{"rendered":"<p>Milano diventa la capitale dell\u2019accoglienza professionale. Con i suoi 14  [&#8230;]<\/p>\n","protected":false},"author":1,"featured_media":1266,"comment_status":"open","ping_status":"open","sticky":false,"template":"","format":"standard","meta":{"_acf_changed":false,"footnotes":""},"categories":[1,450],"tags":[],"class_list":["post-1265","post","type-post","status-publish","format-standard","has-post-thumbnail","hentry","category-blog-it","category-news-home"],"acf":[],"_links":{"self":[{"href":"https:\/\/www.alfaforni.com\/it\/wp-json\/wp\/v2\/posts\/1265","targetHints":{"allow":["GET"]}}],"collection":[{"href":"https:\/\/www.alfaforni.com\/it\/wp-json\/wp\/v2\/posts"}],"about":[{"href":"https:\/\/www.alfaforni.com\/it\/wp-json\/wp\/v2\/types\/post"}],"author":[{"embeddable":true,"href":"https:\/\/www.alfaforni.com\/it\/wp-json\/wp\/v2\/users\/1"}],"replies":[{"embeddable":true,"href":"https:\/\/www.alfaforni.com\/it\/wp-json\/wp\/v2\/comments?post=1265"}],"version-history":[{"count":0,"href":"https:\/\/www.alfaforni.com\/it\/wp-json\/wp\/v2\/posts\/1265\/revisions"}],"wp:featuredmedia":[{"embeddable":true,"href":"https:\/\/www.alfaforni.com\/it\/wp-json\/wp\/v2\/media\/1266"}],"wp:attachment":[{"href":"https:\/\/www.alfaforni.com\/it\/wp-json\/wp\/v2\/media?parent=1265"}],"wp:term":[{"taxonomy":"category","embeddable":true,"href":"https:\/\/www.alfaforni.com\/it\/wp-json\/wp\/v2\/categories?post=1265"},{"taxonomy":"post_tag","embeddable":true,"href":"https:\/\/www.alfaforni.com\/it\/wp-json\/wp\/v2\/tags?post=1265"}],"curies":[{"name":"wp","href":"https:\/\/api.w.org\/{rel}","templated":true}]}}